{"id":8823,"date":"2022-12-29T10:03:19","date_gmt":"2022-12-29T10:03:19","guid":{"rendered":"https:\/\/mket.hu\/?p=8823"},"modified":"2022-12-29T10:40:33","modified_gmt":"2022-12-29T10:40:33","slug":"papp-andras-eloadasa-a-enkon-energetikai-szakkonferencian-2022-ben","status":"publish","type":"post","link":"https:\/\/mket.hu\/index.php\/2022\/12\/29\/papp-andras-eloadasa-a-enkon-energetikai-szakkonferencian-2022-ben\/","title":{"rendered":"Papp Andr\u00e1s el\u0151ad\u00e1sa a EnKon\u00a0Energetikai szakkonferenci\u00e1n 2022-ben"},"content":{"rendered":"\n<p>A kapcsolt termel\u00e9s \u00e9s a t\u00e1vh\u0151szektor r\u00f6vid-, k\u00f6z\u00e9pt\u00e1v\u00fa fejleszt\u00e9s\u00e9nek vizsg\u00e1lata \u2013 k\u00fcl\u00f6n\u00f6s tekintettel a t\u00e1vh\u0151\u00e1r szab\u00e1lyz\u00e1sra.<\/p>\n\n\n\n<p>A konferencia anyag\u00e1t az MKET eln\u00f6k enged\u00e9ly\u00e9vel itt tessz\u00fck publikuss\u00e1 \u00f6n\u00f6k fel\u00e9.<br><\/p>\n\n\n\n<!--more-->\n\n\n\n<h2 class=\"wp-block-heading\">Konferencianyag<\/h2>\n\n\n\n<p><\/p>\n\n\n\n<p>Papp Andr\u00e1s<\/p>\n\n\n\n<p>Eln\u00f6k, Magyar Kapcsolt Energia T\u00e1rsas\u00e1g<\/p>\n\n\n\n<p><a href=\"mailto:papp.andras@mket.hu\">papp.andras@mket.hu<\/a><br><a href=\"https:\/\/mket.hu\/wp-content\/uploads\/2022\/06\/Sandor-l_3_Hidroge\u0301nnel-u\u0308zemelo\u030b-Caterpillar-ga\u0301zmotorok.pdf\">PDF LET\u00d6LT\u00c9SE<\/a> <br> <br><\/p>\n\n\n","protected":false},"excerpt":{"rendered":"<p>A kapcsolt termel\u00e9s \u00e9s a t\u00e1vh\u0151szektor r\u00f6vid-, k\u00f6z\u00e9pt\u00e1v\u00fa fejleszt\u00e9s\u00e9nek vizsg\u00e1lata \u2013 k\u00fcl\u00f6n\u00f6s tekintettel a t\u00e1vh\u0151\u00e1r szab\u00e1lyz\u00e1sra. A konferencia anyag\u00e1t az MKET eln\u00f6k enged\u00e9ly\u00e9vel itt tessz\u00fck publikuss\u00e1 \u00f6n\u00f6k fel\u00e9.<\/p>\n","protected":false},"author":1,"featured_media":8481,"comment_status":"closed","ping_status":"closed","sticky":true,"template":"","format":"standard","meta":{"footnotes":""},"categories":[1],"tags":[],"class_list":["post-8823","post","type-post","status-publish","format-standard","has-post-thumbnail","hentry","category-egyeb"],"featured_image_urls":{"full":["https:\/\/mket.hu\/wp-content\/uploads\/2021\/04\/Nevtelen-1.png",390,292,false],"thumbnail":["https:\/\/mket.hu\/wp-content\/uploads\/2021\/04\/Nevtelen-1-150x150.png",150,150,true],"medium":["https:\/\/mket.hu\/wp-content\/uploads\/2021\/04\/Nevtelen-1-300x225.png",300,225,true],"medium_large":["https:\/\/mket.hu\/wp-content\/uploads\/2021\/04\/Nevtelen-1.png",390,292,false],"large":["https:\/\/mket.hu\/wp-content\/uploads\/2021\/04\/Nevtelen-1.png",390,292,false],"mt_1250x700":["https:\/\/mket.hu\/wp-content\/uploads\/2021\/04\/Nevtelen-1.png",390,292,false],"mt_320x480":["https:\/\/mket.hu\/wp-content\/uploads\/2021\/04\/Nevtelen-1-320x292.png",320,292,true],"mt_900x550":["https:\/\/mket.hu\/wp-content\/uploads\/2021\/04\/Nevtelen-1.png",390,292,false],"1536x1536":["https:\/\/mket.hu\/wp-content\/uploads\/2021\/04\/Nevtelen-1.png",390,292,false],"2048x2048":["https:\/\/mket.hu\/wp-content\/uploads\/2021\/04\/Nevtelen-1.png",390,292,false],"yankeewp_related_post_pic500x300":["https:\/\/mket.hu\/wp-content\/uploads\/2021\/04\/Nevtelen-1.png",390,292,false],"yankeewp_post_pic700x450":["https:\/\/mket.hu\/wp-content\/uploads\/2021\/04\/Nevtelen-1.png",390,292,false],"yankeewp_post_widget_pic100x100":["https:\/\/mket.hu\/wp-content\/uploads\/2021\/04\/Nevtelen-1-100x100.png",100,100,true],"yankeewp_530x600":["https:\/\/mket.hu\/wp-content\/uploads\/2021\/04\/Nevtelen-1.png",390,292,false],"yankeewp_1150x400":["https:\/\/mket.hu\/wp-content\/uploads\/2021\/04\/Nevtelen-1.png",390,292,false],"yankeewp_1420x140":["https:\/\/mket.hu\/wp-content\/uploads\/2021\/04\/Nevtelen-1-390x140.png",390,140,true],"yankeewp_testimonials_150x150":["https:\/\/mket.hu\/wp-content\/uploads\/2021\/04\/Nevtelen-1-150x150.png",150,150,true],"yankeewp_clients_160x90":["https:\/\/mket.hu\/wp-content\/uploads\/2021\/04\/Nevtelen-1-160x90.png",160,90,true],"yankeewp_portfolio01_390x275":["https:\/\/mket.hu\/wp-content\/uploads\/2021\/04\/Nevtelen-1-390x275.png",390,275,true],"yankeewp_blogpost01_1420x170":["https:\/\/mket.hu\/wp-content\/uploads\/2021\/04\/Nevtelen-1-390x170.png",390,170,true],"yankeewp_about_625x415":["https:\/\/mket.hu\/wp-content\/uploads\/2021\/04\/Nevtelen-1.png",390,292,false],"yankeewp_testimonials02_250x530":["https:\/\/mket.hu\/wp-content\/uploads\/2021\/04\/Nevtelen-1-250x292.png",250,292,true]},"post_excerpt_stackable":"<p>A kapcsolt termel\u00e9s \u00e9s a t\u00e1vh\u0151szektor r\u00f6vid-, k\u00f6z\u00e9pt\u00e1v\u00fa fejleszt\u00e9s\u00e9nek vizsg\u00e1lata \u2013 k\u00fcl\u00f6n\u00f6s tekintettel a t\u00e1vh\u0151\u00e1r szab\u00e1lyz\u00e1sra. A konferencia anyag\u00e1t az MKET eln\u00f6k enged\u00e9ly\u00e9vel itt tessz\u00fck publikuss\u00e1 \u00f6n\u00f6k fel\u00e9. Konferencianyag Papp Andr\u00e1s Eln\u00f6k, Magyar Kapcsolt Energia T\u00e1rsas\u00e1g papp.andras@mket.huPDF LET\u00d6LT\u00c9SE<\/p>\n","category_list":"<a href=\"https:\/\/mket.hu\/index.php\/category\/egyeb\/\" rel=\"category tag\">Egy\u00e9b kateg\u00f3ria<\/a>","author_info":{"name":"admin","url":"https:\/\/mket.hu\/index.php\/author\/admin\/"},"comments_num":"0 comments","yoast_head":"<!-- This site is optimized with the Yoast SEO plugin v22.0 - https:\/\/yoast.com\/wordpress\/plugins\/seo\/ -->\n<title>Papp Andr\u00e1s el\u0151ad\u00e1sa a EnKon\u00a0Energetikai szakkonferenci\u00e1n 2022-ben - MKET<\/title>\n<meta name=\"robots\" content=\"index, follow, max-snippet:-1, max-image-preview:large, max-video-preview:-1\" \/>\n<link rel=\"canonical\" href=\"https:\/\/mket.hu\/index.php\/2022\/12\/29\/papp-andras-eloadasa-a-enkon-energetikai-szakkonferencian-2022-ben\/\" \/>\n<meta property=\"og:locale\" content=\"hu_HU\" \/>\n<meta property=\"og:type\" content=\"article\" \/>\n<meta property=\"og:title\" content=\"Papp Andr\u00e1s el\u0151ad\u00e1sa a EnKon\u00a0Energetikai szakkonferenci\u00e1n 2022-ben - MKET\" \/>\n<meta property=\"og:description\" content=\"A kapcsolt termel\u00e9s \u00e9s a t\u00e1vh\u0151szektor r\u00f6vid-, k\u00f6z\u00e9pt\u00e1v\u00fa fejleszt\u00e9s\u00e9nek vizsg\u00e1lata \u2013 k\u00fcl\u00f6n\u00f6s tekintettel a t\u00e1vh\u0151\u00e1r szab\u00e1lyz\u00e1sra. A konferencia anyag\u00e1t az MKET eln\u00f6k enged\u00e9ly\u00e9vel itt tessz\u00fck publikuss\u00e1 \u00f6n\u00f6k fel\u00e9.\" \/>\n<meta property=\"og:url\" content=\"https:\/\/mket.hu\/index.php\/2022\/12\/29\/papp-andras-eloadasa-a-enkon-energetikai-szakkonferencian-2022-ben\/\" \/>\n<meta property=\"og:site_name\" content=\"MKET\" \/>\n<meta property=\"article:published_time\" content=\"2022-12-29T10:03:19+00:00\" \/>\n<meta property=\"article:modified_time\" content=\"2022-12-29T10:40:33+00:00\" \/>\n<meta property=\"og:image\" content=\"https:\/\/mket.hu\/wp-content\/uploads\/2021\/04\/Nevtelen-1.png\" \/>\n\t<meta property=\"og:image:width\" content=\"390\" \/>\n\t<meta property=\"og:image:height\" content=\"292\" \/>\n\t<meta property=\"og:image:type\" content=\"image\/png\" \/>\n<meta name=\"author\" content=\"admin\" \/>\n<meta name=\"twitter:card\" content=\"summary_large_image\" \/>\n<meta name=\"twitter:label1\" content=\"Szerz\u0151:\" \/>\n\t<meta name=\"twitter:data1\" content=\"admin\" \/>\n<script type=\"application\/ld+json\" class=\"yoast-schema-graph\">{\"@context\":\"https:\/\/schema.org\",\"@graph\":[{\"@type\":\"WebPage\",\"@id\":\"https:\/\/mket.hu\/index.php\/2022\/12\/29\/papp-andras-eloadasa-a-enkon-energetikai-szakkonferencian-2022-ben\/\",\"url\":\"https:\/\/mket.hu\/index.php\/2022\/12\/29\/papp-andras-eloadasa-a-enkon-energetikai-szakkonferencian-2022-ben\/\",\"name\":\"Papp Andr\u00e1s el\u0151ad\u00e1sa a EnKon\u00a0Energetikai szakkonferenci\u00e1n 2022-ben - MKET\",\"isPartOf\":{\"@id\":\"https:\/\/mket.hu\/#website\"},\"datePublished\":\"2022-12-29T10:03:19+00:00\",\"dateModified\":\"2022-12-29T10:40:33+00:00\",\"author\":{\"@id\":\"https:\/\/mket.hu\/#\/schema\/person\/fe7487a31a77b43e2f8565e15e97fefb\"},\"breadcrumb\":{\"@id\":\"https:\/\/mket.hu\/index.php\/2022\/12\/29\/papp-andras-eloadasa-a-enkon-energetikai-szakkonferencian-2022-ben\/#breadcrumb\"},\"inLanguage\":\"hu\",\"potentialAction\":[{\"@type\":\"ReadAction\",\"target\":[\"https:\/\/mket.hu\/index.php\/2022\/12\/29\/papp-andras-eloadasa-a-enkon-energetikai-szakkonferencian-2022-ben\/\"]}]},{\"@type\":\"BreadcrumbList\",\"@id\":\"https:\/\/mket.hu\/index.php\/2022\/12\/29\/papp-andras-eloadasa-a-enkon-energetikai-szakkonferencian-2022-ben\/#breadcrumb\",\"itemListElement\":[{\"@type\":\"ListItem\",\"position\":1,\"name\":\"Kezd\u0151lap\",\"item\":\"https:\/\/mket.hu\/\"},{\"@type\":\"ListItem\",\"position\":2,\"name\":\"Papp Andr\u00e1s el\u0151ad\u00e1sa a EnKon\u00a0Energetikai szakkonferenci\u00e1n 2022-ben\"}]},{\"@type\":\"WebSite\",\"@id\":\"https:\/\/mket.hu\/#website\",\"url\":\"https:\/\/mket.hu\/\",\"name\":\"MKET\",\"description\":\"Magyar Kapcsolt Energia T\u00e1rsas\u00e1g\",\"potentialAction\":[{\"@type\":\"SearchAction\",\"target\":{\"@type\":\"EntryPoint\",\"urlTemplate\":\"https:\/\/mket.hu\/?s={search_term_string}\"},\"query-input\":\"required name=search_term_string\"}],\"inLanguage\":\"hu\"},{\"@type\":\"Person\",\"@id\":\"https:\/\/mket.hu\/#\/schema\/person\/fe7487a31a77b43e2f8565e15e97fefb\",\"name\":\"admin\",\"image\":{\"@type\":\"ImageObject\",\"inLanguage\":\"hu\",\"@id\":\"https:\/\/mket.hu\/#\/schema\/person\/image\/\",\"url\":\"https:\/\/secure.gravatar.com\/avatar\/ae491daf0ba2418f5ac059e6b50172f1e291a07e80d44996682a1ba45118b7f1?s=96&d=mm&r=g\",\"contentUrl\":\"https:\/\/secure.gravatar.com\/avatar\/ae491daf0ba2418f5ac059e6b50172f1e291a07e80d44996682a1ba45118b7f1?s=96&d=mm&r=g\",\"caption\":\"admin\"},\"sameAs\":[\"http:\/\/mket.hu\"],\"url\":\"https:\/\/mket.hu\/index.php\/author\/admin\/\"}]}<\/script>\n<!-- \/ Yoast SEO plugin. -->","yoast_head_json":{"title":"Papp Andr\u00e1s el\u0151ad\u00e1sa a EnKon\u00a0Energetikai szakkonferenci\u00e1n 2022-ben - MKET","robots":{"index":"index","follow":"follow","max-snippet":"max-snippet:-1","max-image-preview":"max-image-preview:large","max-video-preview":"max-video-preview:-1"},"canonical":"https:\/\/mket.hu\/index.php\/2022\/12\/29\/papp-andras-eloadasa-a-enkon-energetikai-szakkonferencian-2022-ben\/","og_locale":"hu_HU","og_type":"article","og_title":"Papp Andr\u00e1s el\u0151ad\u00e1sa a EnKon\u00a0Energetikai szakkonferenci\u00e1n 2022-ben - MKET","og_description":"A kapcsolt termel\u00e9s \u00e9s a t\u00e1vh\u0151szektor r\u00f6vid-, k\u00f6z\u00e9pt\u00e1v\u00fa fejleszt\u00e9s\u00e9nek vizsg\u00e1lata \u2013 k\u00fcl\u00f6n\u00f6s tekintettel a t\u00e1vh\u0151\u00e1r szab\u00e1lyz\u00e1sra. A konferencia anyag\u00e1t az MKET eln\u00f6k enged\u00e9ly\u00e9vel itt tessz\u00fck publikuss\u00e1 \u00f6n\u00f6k fel\u00e9.","og_url":"https:\/\/mket.hu\/index.php\/2022\/12\/29\/papp-andras-eloadasa-a-enkon-energetikai-szakkonferencian-2022-ben\/","og_site_name":"MKET","article_published_time":"2022-12-29T10:03:19+00:00","article_modified_time":"2022-12-29T10:40:33+00:00","og_image":[{"width":390,"height":292,"url":"https:\/\/mket.hu\/wp-content\/uploads\/2021\/04\/Nevtelen-1.png","type":"image\/png"}],"author":"admin","twitter_card":"summary_large_image","twitter_misc":{"Szerz\u0151:":"admin"},"schema":{"@context":"https:\/\/schema.org","@graph":[{"@type":"WebPage","@id":"https:\/\/mket.hu\/index.php\/2022\/12\/29\/papp-andras-eloadasa-a-enkon-energetikai-szakkonferencian-2022-ben\/","url":"https:\/\/mket.hu\/index.php\/2022\/12\/29\/papp-andras-eloadasa-a-enkon-energetikai-szakkonferencian-2022-ben\/","name":"Papp Andr\u00e1s el\u0151ad\u00e1sa a EnKon\u00a0Energetikai szakkonferenci\u00e1n 2022-ben - MKET","isPartOf":{"@id":"https:\/\/mket.hu\/#website"},"datePublished":"2022-12-29T10:03:19+00:00","dateModified":"2022-12-29T10:40:33+00:00","author":{"@id":"https:\/\/mket.hu\/#\/schema\/person\/fe7487a31a77b43e2f8565e15e97fefb"},"breadcrumb":{"@id":"https:\/\/mket.hu\/index.php\/2022\/12\/29\/papp-andras-eloadasa-a-enkon-energetikai-szakkonferencian-2022-ben\/#breadcrumb"},"inLanguage":"hu","potentialAction":[{"@type":"ReadAction","target":["https:\/\/mket.hu\/index.php\/2022\/12\/29\/papp-andras-eloadasa-a-enkon-energetikai-szakkonferencian-2022-ben\/"]}]},{"@type":"BreadcrumbList","@id":"https:\/\/mket.hu\/index.php\/2022\/12\/29\/papp-andras-eloadasa-a-enkon-energetikai-szakkonferencian-2022-ben\/#breadcrumb","itemListElement":[{"@type":"ListItem","position":1,"name":"Kezd\u0151lap","item":"https:\/\/mket.hu\/"},{"@type":"ListItem","position":2,"name":"Papp Andr\u00e1s el\u0151ad\u00e1sa a EnKon\u00a0Energetikai szakkonferenci\u00e1n 2022-ben"}]},{"@type":"WebSite","@id":"https:\/\/mket.hu\/#website","url":"https:\/\/mket.hu\/","name":"MKET","description":"Magyar Kapcsolt Energia T\u00e1rsas\u00e1g","potentialAction":[{"@type":"SearchAction","target":{"@type":"EntryPoint","urlTemplate":"https:\/\/mket.hu\/?s={search_term_string}"},"query-input":"required name=search_term_string"}],"inLanguage":"hu"},{"@type":"Person","@id":"https:\/\/mket.hu\/#\/schema\/person\/fe7487a31a77b43e2f8565e15e97fefb","name":"admin","image":{"@type":"ImageObject","inLanguage":"hu","@id":"https:\/\/mket.hu\/#\/schema\/person\/image\/","url":"https:\/\/secure.gravatar.com\/avatar\/ae491daf0ba2418f5ac059e6b50172f1e291a07e80d44996682a1ba45118b7f1?s=96&d=mm&r=g","contentUrl":"https:\/\/secure.gravatar.com\/avatar\/ae491daf0ba2418f5ac059e6b50172f1e291a07e80d44996682a1ba45118b7f1?s=96&d=mm&r=g","caption":"admin"},"sameAs":["http:\/\/mket.hu"],"url":"https:\/\/mket.hu\/index.php\/author\/admin\/"}]}},"_links":{"self":[{"href":"https:\/\/mket.hu\/index.php\/wp-json\/wp\/v2\/posts\/8823","targetHints":{"allow":["GET"]}}],"collection":[{"href":"https:\/\/mket.hu\/index.php\/wp-json\/wp\/v2\/posts"}],"about":[{"href":"https:\/\/mket.hu\/index.php\/wp-json\/wp\/v2\/types\/post"}],"author":[{"embeddable":true,"href":"https:\/\/mket.hu\/index.php\/wp-json\/wp\/v2\/users\/1"}],"replies":[{"embeddable":true,"href":"https:\/\/mket.hu\/index.php\/wp-json\/wp\/v2\/comments?post=8823"}],"version-history":[{"count":12,"href":"https:\/\/mket.hu\/index.php\/wp-json\/wp\/v2\/posts\/8823\/revisions"}],"predecessor-version":[{"id":8847,"href":"https:\/\/mket.hu\/index.php\/wp-json\/wp\/v2\/posts\/8823\/revisions\/8847"}],"wp:featuredmedia":[{"embeddable":true,"href":"https:\/\/mket.hu\/index.php\/wp-json\/wp\/v2\/media\/8481"}],"wp:attachment":[{"href":"https:\/\/mket.hu\/index.php\/wp-json\/wp\/v2\/media?parent=8823"}],"wp:term":[{"taxonomy":"category","embeddable":true,"href":"https:\/\/mket.hu\/index.php\/wp-json\/wp\/v2\/categories?post=8823"},{"taxonomy":"post_tag","embeddable":true,"href":"https:\/\/mket.hu\/index.php\/wp-json\/wp\/v2\/tags?post=8823"}],"curies":[{"name":"wp","href":"https:\/\/api.w.org\/{rel}","templated":true}]}}